{"id":31654,"date":"2020-02-17T10:57:35","date_gmt":"2020-02-17T09:57:35","guid":{"rendered":"https:\/\/dev.notredemo.be\/golf\/?p=31654"},"modified":"2020-04-22T11:53:57","modified_gmt":"2020-04-22T09:53:57","slug":"4-belges-au-nicos-severis-cyprus-junior-open","status":"publish","type":"post","link":"https:\/\/golfbelgium.be\/fr\/4-belges-au-nicos-severis-cyprus-junior-open\/","title":{"rendered":"4 Belges au Nicos Severis Cyprus Junior Open"},"content":{"rendered":"<div style=\"margin-top: 0px; margin-bottom: 0px;\" class=\"sharethis-inline-share-buttons\" ><\/div><p>[et_pb_section fb_built=\u00a0\u00bb1&Prime; _builder_version=\u00a0\u00bb4.0.11&Prime;][et_pb_row _builder_version=\u00a0\u00bb4.0.11&Prime;][et_pb_column type=\u00a0\u00bb4_4&Prime; _builder_version=\u00a0\u00bb4.0.11&Prime;][et_pb_text _builder_version=\u00a0\u00bb4.0.11&Prime; hover_enabled=\u00a0\u00bb0&Prime;]<\/p>\n<p>James Skeet, Sil Beyers, Christophe Palmans et Brikke Decoster ont jou\u00e9 le Nicos Severis Cyprus Junior Open ce week-end. Apr\u00e8s 3 jours de comp\u00e9tition, Christophe Palmans a termin\u00e9 \u00e0 la 11e place ex-aequo, Brikke Decoster et Sil Beyers \u00e9taient T19 et James Skeet T31.\u00a0<\/p>\n<p>Tous les r\u00e9sultats sont disponibles <a href=\"https:\/\/scoring-cy.datagolf.pt\/scripts\/classif_result.asp?club=000&amp;tourn=10072&amp;classif_id=25773&amp;scoring_type=1&amp;classif_type=1&amp;classif_days=2&amp;classif_round=1&amp;members=0&amp;player_types=0&amp;gender=0&amp;min_age_men=0&amp;max_age_men=999&amp;min_age_ladies=0&amp;max_age_ladies=999&amp;min_hcp=-80&amp;max_hcp=990&amp;idfilter=-1&amp;ack=34223A9C50\" target=\"_blank\" rel=\"noopener noreferrer\">ici<\/a>.\u00a0<\/p>\n<p>[\/et_pb_text][\/et_pb_column][\/et_pb_row][\/et_pb_section]<\/p>\n","protected":false},"excerpt":{"rendered":"<p>James Skeet, Sil Beyers, Christophe Palmans et Brikke Decoster ont jou\u00e9 le Nicos Severis Cyprus Junior Open ce week-end. Apr\u00e8s 3 jours de comp\u00e9tition, Christophe Palmans a termin\u00e9 \u00e0 la 11e place ex-aequo, Brikke Decoster et Sil Beyers \u00e9taient T19 et James Skeet T31.\u00a0 Tous les r\u00e9sultats sont disponibles ici.\u00a0<\/p>\n","protected":false},"author":2,"featured_media":10474,"comment_status":"closed","ping_status":"closed","sticky":false,"template":"","format":"standard","meta":{"_acf_changed":false,"_seopress_robots_primary_cat":"none","_seopress_titles_title":"","_seopress_titles_desc":"","_seopress_robots_index":"","_et_pb_use_builder":"on","_et_pb_old_content":"","_et_gb_content_width":"","footnotes":""},"categories":[207],"tags":[58,53],"class_list":["post-31654","post","type-post","status-publish","format-standard","has-post-thumbnail","hentry","category-junior-tour","tag-amateurs","tag-juniors"],"acf":[],"_links":{"self":[{"href":"https:\/\/golfbelgium.be\/fr\/wp-json\/wp\/v2\/posts\/31654","targetHints":{"allow":["GET"]}}],"collection":[{"href":"https:\/\/golfbelgium.be\/fr\/wp-json\/wp\/v2\/posts"}],"about":[{"href":"https:\/\/golfbelgium.be\/fr\/wp-json\/wp\/v2\/types\/post"}],"author":[{"embeddable":true,"href":"https:\/\/golfbelgium.be\/fr\/wp-json\/wp\/v2\/users\/2"}],"replies":[{"embeddable":true,"href":"https:\/\/golfbelgium.be\/fr\/wp-json\/wp\/v2\/comments?post=31654"}],"version-history":[{"count":0,"href":"https:\/\/golfbelgium.be\/fr\/wp-json\/wp\/v2\/posts\/31654\/revisions"}],"wp:featuredmedia":[{"embeddable":true,"href":"https:\/\/golfbelgium.be\/fr\/wp-json\/wp\/v2\/media\/10474"}],"wp:attachment":[{"href":"https:\/\/golfbelgium.be\/fr\/wp-json\/wp\/v2\/media?parent=31654"}],"wp:term":[{"taxonomy":"category","embeddable":true,"href":"https:\/\/golfbelgium.be\/fr\/wp-json\/wp\/v2\/categories?post=31654"},{"taxonomy":"post_tag","embeddable":true,"href":"https:\/\/golfbelgium.be\/fr\/wp-json\/wp\/v2\/tags?post=31654"}],"curies":[{"name":"wp","href":"https:\/\/api.w.org\/{rel}","templated":true}]}}