{"id":44325,"date":"2020-09-09T08:00:48","date_gmt":"2020-09-09T06:00:48","guid":{"rendered":"https:\/\/golfbelgium.be\/?p=44325"},"modified":"2020-09-08T12:49:15","modified_gmt":"2020-09-08T10:49:15","slug":"les-men-et-les-ladies-en-action-aux-championnats-deurope","status":"publish","type":"post","link":"https:\/\/golfbelgium.be\/fr\/les-men-et-les-ladies-en-action-aux-championnats-deurope\/","title":{"rendered":"Les Men et les Ladies en action aux Championnats d&rsquo;Europe"},"content":{"rendered":"<div style=\"margin-top: 0px; margin-bottom: 0px;\" class=\"sharethis-inline-share-buttons\" ><\/div><p>[et_pb_section fb_built=\u00a0\u00bb1&Prime; admin_label=\u00a0\u00bbsection\u00a0\u00bb _builder_version=\u00a0\u00bb3.22&Prime;][et_pb_row admin_label=\u00a0\u00bbrow\u00a0\u00bb _builder_version=\u00a0\u00bb3.25&Prime; background_size=\u00a0\u00bbinitial\u00a0\u00bb background_position=\u00a0\u00bbtop_left\u00a0\u00bb background_repeat=\u00a0\u00bbrepeat\u00a0\u00bb][et_pb_column type=\u00a0\u00bb4_4&Prime; _builder_version=\u00a0\u00bb3.25&Prime; custom_padding=\u00a0\u00bb|||\u00a0\u00bb custom_padding__hover=\u00a0\u00bb|||\u00a0\u00bb][et_pb_text _builder_version=\u00a0\u00bb4.5.3&Prime; _module_preset=\u00a0\u00bbdefault\u00a0\u00bb hover_enabled=\u00a0\u00bb0&Prime;]<\/p>\n<p>C&rsquo;est le grand jour! Nos Team Belgium Men &amp; Ladies jouent les Championnats d&rsquo;Europe par \u00e9quipe. Les Ladies compos\u00e9es de Rebecca Becht, Charlotte De Corte, Clarisse Louis et C\u00e9line Manche se sont envol\u00e9es pour la Su\u00e8de. Accompagn\u00e9e de leur coach Naima Ghilain et de la Capitaine Kristel Segers, nos Ladies vont tenter d&rsquo;atteindre le Top 8 sur ce format de comp\u00e9tition quelque peu modifi\u00e9. En effet, en raison de la situation sanitaire, les \u00e9quipes ne sont compos\u00e9es que de quatre joueurs, le nombre de jours est revu \u00e0 la baisse (1 jour stroke play, 3 jours matchplay).<\/p>\n<p>C&rsquo;est le m\u00eame format chez les Men. Sous le coaching de Dany Vanbegin, avec Dirk Platteeuw en tant que capitaine, les Men vont \u00e9galement viser un Top 8, mais aux Pays-Bas, eux. Jean de Wouters d&rsquo;Oplinter, Arnaud Galand, James Meyer de Beco et Charles Roeland sont plus motiv\u00e9s que jamais.<\/p>\n<p>Nos deux \u00e9quipes sont en tout cas en grande forme pour ces Championnats d&rsquo;Europe par \u00e9quipe. Retrouvez toutes les informations dont les heures de d\u00e9part et le leadeboard sur les liens suivants:<\/p>\n<ul>\n<li><a href=\"http:\/\/www.ega-golf.ch\/event\/2020-european-ladies-team-championship\" target=\"_blank\" rel=\"noopener noreferrer\">European Ladies&rsquo; Team Championship<\/a><\/li>\n<li><a href=\"http:\/\/www.ega-golf.ch\/event\/2020-european-amateur-team-championship\" target=\"_blank\" rel=\"noopener noreferrer\">European Amateur Team Championship<\/a><\/li>\n<\/ul>\n<p>[\/et_pb_text][et_pb_gallery gallery_ids=\u00a0\u00bb44347,44350,44353,44356,44359,44362,44365,44368,44371,44374,44377,44380,44383,44386,44389&Prime; posts_number=\u00a0\u00bb99&Prime; show_title_and_caption=\u00a0\u00bboff\u00a0\u00bb _builder_version=\u00a0\u00bb4.5.3&Prime; _module_preset=\u00a0\u00bbdefault\u00a0\u00bb][\/et_pb_gallery][\/et_pb_column][\/et_pb_row][\/et_pb_section]<\/p>\n","protected":false},"excerpt":{"rendered":"<p>C&rsquo;est le grand jour! Nos Team Belgium Men &amp; Ladies jouent les Championnats d&rsquo;Europe par \u00e9quipe. Les Ladies compos\u00e9es de Rebecca Becht, Charlotte De Corte, Clarisse Louis et C\u00e9line Manche se sont envol\u00e9es pour la Su\u00e8de. Accompagn\u00e9e de leur coach Naima Ghilain et de la Capitaine Kristel Segers, nos Ladies vont tenter d&rsquo;atteindre le Top [&hellip;]<\/p>\n","protected":false},"author":11,"featured_media":44365,"comment_status":"closed","ping_status":"closed","sticky":false,"template":"","format":"standard","meta":{"_acf_changed":false,"_seopress_robots_primary_cat":"none","_seopress_titles_title":"","_seopress_titles_desc":"","_seopress_robots_index":"","_et_pb_use_builder":"on","_et_pb_old_content":"","_et_gb_content_width":"","footnotes":""},"categories":[206,1],"tags":[32,31,34,253],"class_list":["post-44325","post","type-post","status-publish","format-standard","has-post-thumbnail","hentry","category-belgian-team","category-rbgf","tag-belgian-team","tag-ladies","tag-men","tag-team-belgium"],"acf":[],"_links":{"self":[{"href":"https:\/\/golfbelgium.be\/fr\/wp-json\/wp\/v2\/posts\/44325","targetHints":{"allow":["GET"]}}],"collection":[{"href":"https:\/\/golfbelgium.be\/fr\/wp-json\/wp\/v2\/posts"}],"about":[{"href":"https:\/\/golfbelgium.be\/fr\/wp-json\/wp\/v2\/types\/post"}],"author":[{"embeddable":true,"href":"https:\/\/golfbelgium.be\/fr\/wp-json\/wp\/v2\/users\/11"}],"replies":[{"embeddable":true,"href":"https:\/\/golfbelgium.be\/fr\/wp-json\/wp\/v2\/comments?post=44325"}],"version-history":[{"count":0,"href":"https:\/\/golfbelgium.be\/fr\/wp-json\/wp\/v2\/posts\/44325\/revisions"}],"wp:featuredmedia":[{"embeddable":true,"href":"https:\/\/golfbelgium.be\/fr\/wp-json\/wp\/v2\/media\/44365"}],"wp:attachment":[{"href":"https:\/\/golfbelgium.be\/fr\/wp-json\/wp\/v2\/media?parent=44325"}],"wp:term":[{"taxonomy":"category","embeddable":true,"href":"https:\/\/golfbelgium.be\/fr\/wp-json\/wp\/v2\/categories?post=44325"},{"taxonomy":"post_tag","embeddable":true,"href":"https:\/\/golfbelgium.be\/fr\/wp-json\/wp\/v2\/tags?post=44325"}],"curies":[{"name":"wp","href":"https:\/\/api.w.org\/{rel}","templated":true}]}}